{"id":18346,"date":"2025-10-28T10:56:49","date_gmt":"2025-10-28T09:56:49","guid":{"rendered":"https:\/\/www.hotelviumilan.com\/?p=18346"},"modified":"2025-10-28T10:56:51","modified_gmt":"2025-10-28T09:56:51","slug":"giorgio-armani-prive-2005-2025-twenty-years-of-haute-couture","status":"publish","type":"post","link":"https:\/\/www.hotelviumilan.com\/en\/around-en\/giorgio-armani-prive-2005-2025-twenty-years-of-haute-couture\/","title":{"rendered":"GIORGIO ARMANI PRIV\u00c9 2005-2025, Twenty years of Haute Couture"},"content":{"rendered":"<p>Presented for the first time in 2005 in Paris, the Giorgio Armani Priv\u00e9 collection immediately emerged as a new expression of Armani style, both complementary to and distinct from pr\u00eat-\u00e0-porter, yet unified by the pursuit of a linear, elegant, and refined signature style.<\/p>\n<p><img loading=\"lazy\" decoding=\"async\" class=\"aligncenter wp-image-18338 size-full\" src=\"https:\/\/www.hotelviumilan.com\/wp-content\/uploads\/2025\/10\/2.jpg\" alt=\"\" width=\"2560\" height=\"1922\" srcset=\"https:\/\/www.hotelviumilan.com\/wp-content\/uploads\/2025\/10\/2.jpg 2560w, https:\/\/www.hotelviumilan.com\/wp-content\/uploads\/2025\/10\/2-300x225.jpg 300w, https:\/\/www.hotelviumilan.com\/wp-content\/uploads\/2025\/10\/2-1024x769.jpg 1024w, https:\/\/www.hotelviumilan.com\/wp-content\/uploads\/2025\/10\/2-768x577.jpg 768w, https:\/\/www.hotelviumilan.com\/wp-content\/uploads\/2025\/10\/2-1536x1153.jpg 1536w, https:\/\/www.hotelviumilan.com\/wp-content\/uploads\/2025\/10\/2-2048x1538.jpg 2048w, https:\/\/www.hotelviumilan.com\/wp-content\/uploads\/2025\/10\/2-194x146.jpg 194w, https:\/\/www.hotelviumilan.com\/wp-content\/uploads\/2025\/10\/2-50x38.jpg 50w, https:\/\/www.hotelviumilan.com\/wp-content\/uploads\/2025\/10\/2-100x75.jpg 100w\" sizes=\"auto, (max-width: 2560px) 100vw, 2560px\" \/><\/p>\n<p>To celebrate these twenty years of Haute Couture, Giorgio Armani himself inaugurated the GIORGIO ARMANI PRIV\u00c9 2005-2025 exhibition at Armani\/Silos, open to the public from 21st May to 28th December 2025.<\/p>\n<p>The exhibition, curated directly by the designer, presents an overview of two decades of Haute Couture created in the spirit of an unmistakable style. Here, the designer dares, experiments, and imagines freely, yet never loses touch with his proverbial pragmatism or forgets the needs of his discerning clientele. With feet firmly on the ground, he dreams and invites others to do the same. Even when reviving the magic of Hollywood nights with his designs worn by stars of cinema and entertainment. This exhibition brings these dreamlike creations to Milan, the beating heart of the Armani universe, offering everyone the chance to admire them up close and appreciate their exquisite craftsmanship. Immersed in colour, form, sound and fragrance, visitors embark on a sensory journey that unfolds across the entire Silos space. The garments are further enhanced by a diffused scent \u2013 Bois d\u2019Encens, emblem of the ARMANI\/PRIV\u00c9 Haute Couture Fragrances collection \u2013 and an original soundtrack created especially for the exhibition by L\u2019Antidote.<\/p>\n<p><img loading=\"lazy\" decoding=\"async\" class=\"aligncenter wp-image-18340 size-full\" src=\"https:\/\/www.hotelviumilan.com\/wp-content\/uploads\/2025\/10\/3-scaled.webp\" alt=\"\" width=\"2560\" height=\"1920\" srcset=\"https:\/\/www.hotelviumilan.com\/wp-content\/uploads\/2025\/10\/3-scaled.webp 2560w, https:\/\/www.hotelviumilan.com\/wp-content\/uploads\/2025\/10\/3-300x225.webp 300w, https:\/\/www.hotelviumilan.com\/wp-content\/uploads\/2025\/10\/3-1024x768.webp 1024w, https:\/\/www.hotelviumilan.com\/wp-content\/uploads\/2025\/10\/3-768x576.webp 768w, https:\/\/www.hotelviumilan.com\/wp-content\/uploads\/2025\/10\/3-1536x1152.webp 1536w, https:\/\/www.hotelviumilan.com\/wp-content\/uploads\/2025\/10\/3-2048x1536.webp 2048w, https:\/\/www.hotelviumilan.com\/wp-content\/uploads\/2025\/10\/3-195x146.webp 195w, https:\/\/www.hotelviumilan.com\/wp-content\/uploads\/2025\/10\/3-50x38.webp 50w, https:\/\/www.hotelviumilan.com\/wp-content\/uploads\/2025\/10\/3-100x75.webp 100w\" sizes=\"auto, (max-width: 2560px) 100vw, 2560px\" \/><\/p>\n<p>The display follows a subtle thread: light both as a metaphorical reference to invention and a tangible accent that embellishes surfaces with a pearly, moonlike glow, reminiscent of rare stones. The pieces are an anthology of all the Couture collections, arranged in a sequence that highlights a language which, while continuously evolving, remains firmly rooted in its founding principles.<\/p>\n<p style=\"text-align: center;\"><em>\u201cIn my Haute Couture collections, I express my vision of style and elegance through the art of craftsmanship and savoir-faire: only here am I free to do so without limits. Twenty years of Giorgio Armani Priv\u00e9 have been an extraordinary, liberating journey. Now, I want to share it with a wider audience, inviting them into this dream of mine, a dream of dresses woven from imagination and grace. A very special world that takes on new meaning in this exhibition.\u201d<\/em><\/p>\n<p style=\"text-align: right;\"><em>Giorgio Armani<\/em><\/p>\n<p><img loading=\"lazy\" decoding=\"async\" class=\"aligncenter wp-image-18342 size-full\" src=\"https:\/\/www.hotelviumilan.com\/wp-content\/uploads\/2025\/10\/4.jpg\" alt=\"\" width=\"640\" height=\"641\" srcset=\"https:\/\/www.hotelviumilan.com\/wp-content\/uploads\/2025\/10\/4.jpg 640w, https:\/\/www.hotelviumilan.com\/wp-content\/uploads\/2025\/10\/4-300x300.jpg 300w, https:\/\/www.hotelviumilan.com\/wp-content\/uploads\/2025\/10\/4-150x150.jpg 150w, https:\/\/www.hotelviumilan.com\/wp-content\/uploads\/2025\/10\/4-146x146.jpg 146w, https:\/\/www.hotelviumilan.com\/wp-content\/uploads\/2025\/10\/4-50x50.jpg 50w, https:\/\/www.hotelviumilan.com\/wp-content\/uploads\/2025\/10\/4-75x75.jpg 75w, https:\/\/www.hotelviumilan.com\/wp-content\/uploads\/2025\/10\/4-85x85.jpg 85w, https:\/\/www.hotelviumilan.com\/wp-content\/uploads\/2025\/10\/4-80x80.jpg 80w\" sizes=\"auto, (max-width: 640px) 100vw, 640px\" \/><\/p>\n<p>Nowadays, following the designer&#8217;s passing on 4 September 2025, the exhibition is even more of a tribute to the great mark Giorgio Armani left on the fashion world, starting out in Piacenza and establishing himself over the years as one of the most important and influential luxury fashion brands in the whole world.<\/p>\n<p>For all guests of the Hotel VIU Milan who are passionate about the world of fashion and haute couture, this is the perfect opportunity to discover true works of art created by one of Italy&#8217;s most creative minds.<\/p>\n<p><a href=\"https:\/\/www.armanisilos.com\/exhibition\/armani-prive-2005-2025\/\">https:\/\/www.armanisilos.com\/exhibition\/armani-prive-2005-2025\/<\/a>\u00a0\u00a0\u00a0\u00a0\u00a0<\/p>\n<p><span style=\"font-size: revert; color: initial; font-family: -apple-system, BlinkMacSystemFont, 'Segoe UI', Roboto, Oxygen-Sans, Ubuntu, Cantarell, 'Helvetica Neue', sans-serif;\"> \u00a0<\/span><\/p>\n\n\n<p><\/p>\n\n\n\n<p><\/p>\n\n\n\n<p><\/p>\n\n\n\n<p><\/p>\n","protected":false},"excerpt":{"rendered":"<p>Presented for the first time in 2005 in Paris, the Giorgio Armani Priv\u00e9 collection immediately emerged as a new expression of Armani style, both complementary to and distinct from pr\u00eat-\u00e0-porter, yet unified by the pursuit of a linear, elegant, and refined signature style. To celebrate these twenty years of Haute<span class=\"excerpt-hellip\"> [\u2026]<\/span><\/p>\n","protected":false},"author":20,"featured_media":18337,"comment_status":"closed","ping_status":"closed","sticky":false,"template":"","format":"standard","meta":{"footnotes":""},"categories":[131],"tags":[],"class_list":["post-18346","post","type-post","status-publish","format-standard","has-post-thumbnail","hentry","category-around-en"],"_links":{"self":[{"href":"https:\/\/www.hotelviumilan.com\/en\/wp-json\/wp\/v2\/posts\/18346","targetHints":{"allow":["GET"]}}],"collection":[{"href":"https:\/\/www.hotelviumilan.com\/en\/wp-json\/wp\/v2\/posts"}],"about":[{"href":"https:\/\/www.hotelviumilan.com\/en\/wp-json\/wp\/v2\/types\/post"}],"author":[{"embeddable":true,"href":"https:\/\/www.hotelviumilan.com\/en\/wp-json\/wp\/v2\/users\/20"}],"replies":[{"embeddable":true,"href":"https:\/\/www.hotelviumilan.com\/en\/wp-json\/wp\/v2\/comments?post=18346"}],"version-history":[{"count":5,"href":"https:\/\/www.hotelviumilan.com\/en\/wp-json\/wp\/v2\/posts\/18346\/revisions"}],"predecessor-version":[{"id":18353,"href":"https:\/\/www.hotelviumilan.com\/en\/wp-json\/wp\/v2\/posts\/18346\/revisions\/18353"}],"wp:featuredmedia":[{"embeddable":true,"href":"https:\/\/www.hotelviumilan.com\/en\/wp-json\/wp\/v2\/media\/18337"}],"wp:attachment":[{"href":"https:\/\/www.hotelviumilan.com\/en\/wp-json\/wp\/v2\/media?parent=18346"}],"wp:term":[{"taxonomy":"category","embeddable":true,"href":"https:\/\/www.hotelviumilan.com\/en\/wp-json\/wp\/v2\/categories?post=18346"},{"taxonomy":"post_tag","embeddable":true,"href":"https:\/\/www.hotelviumilan.com\/en\/wp-json\/wp\/v2\/tags?post=18346"}],"curies":[{"name":"wp","href":"https:\/\/api.w.org\/{rel}","templated":true}]}}